{"id":3401,"date":"2022-09-15T16:22:34","date_gmt":"2022-09-15T15:22:34","guid":{"rendered":"https:\/\/dev.timepunch.de\/?p=3401"},"modified":"2022-09-15T16:23:29","modified_gmt":"2022-09-15T15:23:29","slug":"bundesarbeitsgericht-bestaetigt-pflicht-zur-zeiterfassung","status":"publish","type":"post","link":"https:\/\/blog.timepunch.de\/en\/2022\/09\/15\/bundesarbeitsgericht-bestaetigt-pflicht-zur-zeiterfassung\/","title":{"rendered":"Bundesarbeitsgericht best\u00e4tigt Pflicht zur Zeiterfassung"},"content":{"rendered":"\n<figure class=\"wp-block-image size-large\"><a href=\"https:\/\/dev.timepunch.de\/wp-content\/uploads\/2022\/09\/law2.jpg\"><img loading=\"lazy\" decoding=\"async\" width=\"1024\" height=\"576\" src=\"https:\/\/dev.timepunch.de\/wp-content\/uploads\/2022\/09\/law2-1024x576.jpg\" alt=\"\" class=\"wp-image-3403\" srcset=\"https:\/\/blog.timepunch.de\/wp-content\/uploads\/2022\/09\/law2-1024x576.jpg 1024w, https:\/\/blog.timepunch.de\/wp-content\/uploads\/2022\/09\/law2-300x169.jpg 300w, https:\/\/blog.timepunch.de\/wp-content\/uploads\/2022\/09\/law2-768x432.jpg 768w, https:\/\/blog.timepunch.de\/wp-content\/uploads\/2022\/09\/law2.jpg 1366w\" sizes=\"auto, (max-width: 1024px) 100vw, 1024px\" \/><\/a><figcaption>Quelle: <strong><a href=\"https:\/\/unsplash.com\/@tingeyinjurylawfirm\">https:\/\/unsplash.com\/@tingeyinjurylawfirm<\/a><\/strong><\/figcaption><\/figure>\n\n\n\n<p><strong>Eigentlich sollte das BAG (Bundesarbeitsgericht) am 13.09.2022 nur \u00fcber das Initiativrecht des Betriebsrats bei der Einf\u00fchrung einer Zeiterfassung entscheiden \u2013 aber das wurde nach dem Urteil zur Nebensache.<\/strong><\/p>\n\n\n\n<p>Denn die Begr\u00fcndung der Ablehnung f\u00fcr das Initiativrecht hat es in sich. Das Gericht sagt n\u00e4mlich sinngem\u00e4\u00df, der Betriebsrat kann nichts vorschlagen, was sowieso schon Pflicht ist. Und bezieht sich damit auf das sog. Stechuhr-Urteil des Europ\u00e4ischen Gerichtshofs (EuGH) vom Mai 2019, nachdem jedes Unternehmen zum Schutz der Mitarbeiter eine Zeiterfassung einf\u00fchren muss.<\/p>\n\n\n\n<p>Hierbei spielt vor allem der Grundsatz der unionsrechtskonformen Auslegung eine gro\u00dfe Rolle. Laut diesem Grundsatz, f\u00fcr den die nationalen Gerichte verpflichtet sind, m\u00fcssen sie alles zu tun, was in ihrer Zust\u00e4ndigkeit liegt, um die volle Wirksamkeit des Unionsrechts zu gew\u00e4hrleisten. In dieser Deutlichkeit wurde das bisher von keinem Gericht so gewertet. Daher hat gerade die Auslegung des Bundesarbeitsgerichts, als h\u00f6chste Gerichtsbarkeit in Sachen Arbeitsrecht in Deutschland, genau diesen Einschlag verursacht, der jetzt \u00fcberall f\u00fcr Aufruhr sorgt.<\/p>\n\n\n\n<p>Trotz oder gerade wegen dieses Grundsatzurteils herrscht jetzt aber in vielen Betrieben eine gro\u00dfe Unsicherheit. Bis wann muss eine Zeiterfassung angeschafft werden? Welchen Mindestanspr\u00fcchen muss sie gen\u00fcgen? Wie sieht es mit der Vertrauensarbeitszeit aus? Alles Fragen, die \u00fcber die Aussage \u201eJa, eine Zeiterfassung ist jetzt Pflicht\u201c hinausgehen und vom Gesetzgeber schnellstm\u00f6glich beantwortet werden m\u00fcssen.<\/p>\n\n\n\n<p>Wichtig ist, eine Zeiterfassung ist kein Instrument, um Mitarbeitende zu g\u00e4ngeln, sondern wird aktiv f\u00fcr den Arbeitnehmerschutz eingesetzt. So ist im deutschen Arbeitszeitgesetz (ArbZG) beispielsweise geregelt, dass Arbeitnehmer nach Beendigung der Arbeit eine mindestens elf-st\u00fcndige ununterbrochene Ruhezeit einhalten m\u00fcssen. Und das nat\u00fcrlich nicht nur wenn Mitarbeitende im Betrieb Vor-Ort arbeiten, sondern auch im Home-Office, wenn der Laptop auf dem Couchtisch steht. Ohne eine moderne und rechtskonforme Zeiterfassung, ist dies aber kaum nachpr\u00fcfbar. Daher bezieht sich das Urteil klar auf den Arbeitnehmerschutz.<\/p>\n\n\n\n<p>Trotzdem bleiben die oben genannten Punkte zuerst einmal unbeantwortet. Dies sind spannende arbeitsrechtliche Fragen und die neue Pflicht zur Zeiterfassung muss jetzt vom Gesetzgeber konkret ausformuliert werden.<\/p>\n\n\n\n<p>Wer darauf nicht warten m\u00f6chte, dem kann die Zeiterfassung TimePunch empfohlen werden. Diese wurde in diesem Jahr, von unabh\u00e4ngiger Stelle, zur besten Zeiterfassung f\u00fcr Enterprises gek\u00fcrt und \u00fcberzeugt bereits seit 2012 viele Unternehmen in Deutschland, \u00d6sterreich und der Schweiz.<\/p>\n","protected":false},"excerpt":{"rendered":"<p>Eigentlich sollte das BAG (Bundesarbeitsgericht) am 13.09.2022 nur \u00fcber das Initiativrecht des Betriebsrats bei der Einf\u00fchrung einer Zeiterfassung entscheiden \u2013 aber das wurde nach dem Urteil zur Nebensache. Denn die Begr\u00fcndung der Ablehnung f\u00fcr das Initiativrecht hat es in sich. Das Gericht sagt n\u00e4mlich sinngem\u00e4\u00df, der Betriebsrat kann nichts vorschlagen, was sowieso schon Pflicht ist. [&hellip;]<\/p>\n","protected":false},"author":1,"featured_media":3403,"comment_status":"closed","ping_status":"open","sticky":false,"template":"","format":"standard","meta":{"ngg_post_thumbnail":0,"footnotes":""},"categories":[8],"tags":[144,143,142,141,36],"class_list":["post-3401","post","type-post","status-publish","format-standard","has-post-thumbnail","hentry","category-schon_gewusst","tag-arbeitnehmerschutz","tag-arbeitszeitgesetz","tag-bag","tag-bundesarbeitsgericht","tag-zeiterfassung"],"_links":{"self":[{"href":"https:\/\/blog.timepunch.de\/en\/wp-json\/wp\/v2\/posts\/3401","targetHints":{"allow":["GET"]}}],"collection":[{"href":"https:\/\/blog.timepunch.de\/en\/wp-json\/wp\/v2\/posts"}],"about":[{"href":"https:\/\/blog.timepunch.de\/en\/wp-json\/wp\/v2\/types\/post"}],"author":[{"embeddable":true,"href":"https:\/\/blog.timepunch.de\/en\/wp-json\/wp\/v2\/users\/1"}],"replies":[{"embeddable":true,"href":"https:\/\/blog.timepunch.de\/en\/wp-json\/wp\/v2\/comments?post=3401"}],"version-history":[{"count":0,"href":"https:\/\/blog.timepunch.de\/en\/wp-json\/wp\/v2\/posts\/3401\/revisions"}],"wp:featuredmedia":[{"embeddable":true,"href":"https:\/\/blog.timepunch.de\/en\/wp-json\/wp\/v2\/media\/3403"}],"wp:attachment":[{"href":"https:\/\/blog.timepunch.de\/en\/wp-json\/wp\/v2\/media?parent=3401"}],"wp:term":[{"taxonomy":"category","embeddable":true,"href":"https:\/\/blog.timepunch.de\/en\/wp-json\/wp\/v2\/categories?post=3401"},{"taxonomy":"post_tag","embeddable":true,"href":"https:\/\/blog.timepunch.de\/en\/wp-json\/wp\/v2\/tags?post=3401"}],"curies":[{"name":"wp","href":"https:\/\/api.w.org\/{rel}","templated":true}]}}