{"id":3207,"date":"2022-01-11T09:56:47","date_gmt":"2022-01-11T08:56:47","guid":{"rendered":"https:\/\/dev.timepunch.de\/?p=3207"},"modified":"2022-01-13T15:25:02","modified_gmt":"2022-01-13T14:25:02","slug":"mitarbeiterstatus-gekuendigt","status":"publish","type":"post","link":"https:\/\/blog.timepunch.de\/en\/2022\/01\/11\/mitarbeiterstatus-gekuendigt\/","title":{"rendered":"Mitarbeiterstatus: Gek\u00fcndigt"},"content":{"rendered":"\n<p>Der Status \u201eGek\u00fcndigt\u201c ist eine Vorstufe zum L\u00f6schen der mitarbeitenden Person. Im Gegensatz zum Status \u201eGel\u00f6scht\u201c k\u00f6nnen die Zeiten der Arbeitskraft weiterhin ausgewertet werden.<\/p>\n\n\n\n<p>Um dies zu demonstrieren, \u00f6ffne ich die Mitarbeiter\u00fcbersicht \u00fcber das Men\u00fc \u201eStammdaten \/ Mitarbeiterprofile\u201c und w\u00e4hle das Profil von \u201eGeorg Hartmann\u201c aus.<\/p>\n\n\n\n<figure class=\"wp-block-image size-large is-resized\"><a href=\"https:\/\/dev.timepunch.de\/wp-content\/uploads\/2022\/01\/image001-1.png\"><img loading=\"lazy\" decoding=\"async\" src=\"https:\/\/dev.timepunch.de\/wp-content\/uploads\/2022\/01\/image001-1-1024x576.png\" alt=\"\" class=\"wp-image-3208\" width=\"512\" height=\"288\" srcset=\"https:\/\/blog.timepunch.de\/wp-content\/uploads\/2022\/01\/image001-1-1024x576.png 1024w, https:\/\/blog.timepunch.de\/wp-content\/uploads\/2022\/01\/image001-1-300x169.png 300w, https:\/\/blog.timepunch.de\/wp-content\/uploads\/2022\/01\/image001-1-768x432.png 768w, https:\/\/blog.timepunch.de\/wp-content\/uploads\/2022\/01\/image001-1-1536x864.png 1536w, https:\/\/blog.timepunch.de\/wp-content\/uploads\/2022\/01\/image001-1.png 1920w\" sizes=\"auto, (max-width: 512px) 100vw, 512px\" \/><\/a><\/figure>\n\n\n\n<p>Jetzt muss die Schaltfl\u00e4che \u201eK\u00fcndigen\u201c gew\u00e4hlt werden.<\/p>\n\n\n\n<p>Die Arbeitskraft soll zum 31.12.2021 gek\u00fcndigt werden. Da das Datum in der Vergangenheit liegt, wird Herr Hartmann direkt im Anschluss nach dem Best\u00e4tigen des Dialogs mit OK in den Status \u201egek\u00fcndigt\u201c versetzt.<\/p>\n\n\n\n<figure class=\"wp-block-image size-large is-resized\"><a href=\"https:\/\/dev.timepunch.de\/wp-content\/uploads\/2022\/01\/image003-2.png\"><img loading=\"lazy\" decoding=\"async\" src=\"https:\/\/dev.timepunch.de\/wp-content\/uploads\/2022\/01\/image003-2-1024x576.png\" alt=\"\" class=\"wp-image-3209\" width=\"512\" height=\"288\" srcset=\"https:\/\/blog.timepunch.de\/wp-content\/uploads\/2022\/01\/image003-2-1024x576.png 1024w, https:\/\/blog.timepunch.de\/wp-content\/uploads\/2022\/01\/image003-2-300x169.png 300w, https:\/\/blog.timepunch.de\/wp-content\/uploads\/2022\/01\/image003-2-768x432.png 768w, https:\/\/blog.timepunch.de\/wp-content\/uploads\/2022\/01\/image003-2-1536x864.png 1536w, https:\/\/blog.timepunch.de\/wp-content\/uploads\/2022\/01\/image003-2.png 1920w\" sizes=\"auto, (max-width: 512px) 100vw, 512px\" \/><\/a><\/figure>\n\n\n\n<p>Zu sehen ist, dass die Arbeitskraft jetzt durchgestrichen erscheint. Wird das Arbeitszeitmodell ge\u00f6ffnet, ist zu sehen, dass ab dem 01.01.2022 ein neues Arbeitszeitmodell mit 0 Stunden Sollzeit angelegt wurde. Au\u00dferdem wurden alle Lizenzen der mitarbeitenden Person automatisch entfernt.<\/p>\n\n\n\n<figure class=\"wp-block-image size-large is-resized\"><a href=\"https:\/\/dev.timepunch.de\/wp-content\/uploads\/2022\/01\/image005-1.png\"><img loading=\"lazy\" decoding=\"async\" src=\"https:\/\/dev.timepunch.de\/wp-content\/uploads\/2022\/01\/image005-1-1024x576.png\" alt=\"\" class=\"wp-image-3210\" width=\"512\" height=\"288\" srcset=\"https:\/\/blog.timepunch.de\/wp-content\/uploads\/2022\/01\/image005-1-1024x576.png 1024w, https:\/\/blog.timepunch.de\/wp-content\/uploads\/2022\/01\/image005-1-300x169.png 300w, https:\/\/blog.timepunch.de\/wp-content\/uploads\/2022\/01\/image005-1-768x432.png 768w, https:\/\/blog.timepunch.de\/wp-content\/uploads\/2022\/01\/image005-1-1536x864.png 1536w, https:\/\/blog.timepunch.de\/wp-content\/uploads\/2022\/01\/image005-1.png 1920w\" sizes=\"auto, (max-width: 512px) 100vw, 512px\" \/><\/a><\/figure>\n\n\n\n<p>Trotzdem bleibt die Team-Zuordnung bestehen und die Zeiten der Arbeitskraft sind weiterhin noch auswertbar. Somit k\u00f6nnen letzte Gehaltsabrechnungen gedruckt und Kernzeitverletzungen zum Beispiel auch nach der K\u00fcndigung ausgewertet werden.<\/p>\n\n\n\n<p>In dem Status \u201egek\u00fcndigt\u201c hat die gek\u00fcndigte Person keinen Zugriff mehr auf das Zeiterfassungs-System.<\/p>\n\n\n\n<p>Erst nach dem \u201eL\u00f6schen\u201c des Mitarbeiters ist der Mitarbeiter auch nicht mehr in der \u00dcbersicht enthalten.<\/p>\n\n\n\n<p><\/p>\n","protected":false},"excerpt":{"rendered":"<p>Der Status \u201eGek\u00fcndigt\u201c ist eine Vorstufe zum L\u00f6schen der mitarbeitenden Person. Im Gegensatz zum Status \u201eGel\u00f6scht\u201c k\u00f6nnen die Zeiten der Arbeitskraft weiterhin ausgewertet werden. Um dies zu demonstrieren, \u00f6ffne ich die Mitarbeiter\u00fcbersicht \u00fcber das Men\u00fc \u201eStammdaten \/ Mitarbeiterprofile\u201c und w\u00e4hle das Profil von \u201eGeorg Hartmann\u201c aus. Jetzt muss die Schaltfl\u00e4che \u201eK\u00fcndigen\u201c gew\u00e4hlt werden. Die Arbeitskraft [&hellip;]<\/p>\n","protected":false},"author":1,"featured_media":3209,"comment_status":"closed","ping_status":"open","sticky":false,"template":"","format":"standard","meta":{"ngg_post_thumbnail":0,"footnotes":""},"categories":[7],"tags":[23,24],"class_list":["post-3207","post","type-post","status-publish","format-standard","has-post-thumbnail","hentry","category-gewusst_wie","tag-kuendigen","tag-kuendigung"],"_links":{"self":[{"href":"https:\/\/blog.timepunch.de\/en\/wp-json\/wp\/v2\/posts\/3207","targetHints":{"allow":["GET"]}}],"collection":[{"href":"https:\/\/blog.timepunch.de\/en\/wp-json\/wp\/v2\/posts"}],"about":[{"href":"https:\/\/blog.timepunch.de\/en\/wp-json\/wp\/v2\/types\/post"}],"author":[{"embeddable":true,"href":"https:\/\/blog.timepunch.de\/en\/wp-json\/wp\/v2\/users\/1"}],"replies":[{"embeddable":true,"href":"https:\/\/blog.timepunch.de\/en\/wp-json\/wp\/v2\/comments?post=3207"}],"version-history":[{"count":0,"href":"https:\/\/blog.timepunch.de\/en\/wp-json\/wp\/v2\/posts\/3207\/revisions"}],"wp:featuredmedia":[{"embeddable":true,"href":"https:\/\/blog.timepunch.de\/en\/wp-json\/wp\/v2\/media\/3209"}],"wp:attachment":[{"href":"https:\/\/blog.timepunch.de\/en\/wp-json\/wp\/v2\/media?parent=3207"}],"wp:term":[{"taxonomy":"category","embeddable":true,"href":"https:\/\/blog.timepunch.de\/en\/wp-json\/wp\/v2\/categories?post=3207"},{"taxonomy":"post_tag","embeddable":true,"href":"https:\/\/blog.timepunch.de\/en\/wp-json\/wp\/v2\/tags?post=3207"}],"curies":[{"name":"wp","href":"https:\/\/api.w.org\/{rel}","templated":true}]}}